{"id":929,"__str__":"Indica\u00e7\u00e3o n\u00ba 231 de 2022","link_detail_backend":"/materia/929","metadata":{},"numero":231,"ano":2022,"numero_protocolo":null,"data_apresentacao":"2022-10-25","tipo_apresentacao":"","data_publicacao":null,"numero_origem_externa":"","ano_origem_externa":null,"data_origem_externa":null,"apelido":"","dias_prazo":null,"data_fim_prazo":null,"em_tramitacao":false,"polemica":false,"objeto":"","complementar":false,"ementa":"O Vereador que o presente subscreve, nos termos do art. 100 do\r\nRegimento Interno, requer \u00e0 Presidente que esta indica\u00e7\u00e3o seja devidamente\r\nencaminhada ao Prefeito Municipal, Sr. Gustavo de Melo e a Secret\u00e1ria de Educa\u00e7\u00e3o,\r\nSra. Eva Carmem Vieira de Carvalho, \u201ca solicita\u00e7\u00e3o que seja inserido assuntos e\r\npalestras referentes ao empreendedorismo nas escolas p\u00fablicas municipais,\r\nbuscando ajudar os estudantes a formarem futuras compet\u00eancias e habilidades\r\nempreendedoras.\u201d","indexacao":"","observacao":"","resultado":"","texto_original":"http://sapl.altoaraguaia.mt.leg.br/media/sapl/public/materialegislativa/2022/929/scanner_20240814_3-45.pdf","data_ultima_atualizacao":"2024-08-26T16:51:15.707442-03:00","ip":"170.80.62.84","ultima_edicao":"2024-08-26T16:51:15.568906-03:00","tipo":1,"regime_tramitacao":1,"tipo_origem_externa":null,"local_origem_externa":null,"user":2,"anexadas":[],"autores":[12]}