{"id":719,"__str__":"Indica\u00e7\u00e3o n\u00ba 300 de 2021","link_detail_backend":"/materia/719","metadata":{},"numero":300,"ano":2021,"numero_protocolo":null,"data_apresentacao":"2021-12-14","tipo_apresentacao":"","data_publicacao":null,"numero_origem_externa":"","ano_origem_externa":null,"data_origem_externa":null,"apelido":"","dias_prazo":null,"data_fim_prazo":null,"em_tramitacao":false,"polemica":false,"objeto":"","complementar":false,"ementa":"O Vereador que o presente subscreve, nos termos do art. 100 do\r\nRegimento Interno, requer \u00e0 Presidente que esta indica\u00e7\u00e3o seja devidamente\r\nencaminhada ao Prefeito Municipal, Sr. Gustavo de Melo e a Secret\u00e1ria de Educa\u00e7\u00e3o,\r\nSra. Eva Carmem Vieira de Carvalho, \u201c a Solicita\u00e7\u00e3o de aulas de refor\u00e7o para os\r\nalunos da rede municipal de ensino, a seguir o exemplo da Escola Maria J\u00falia de\r\nAlmeida.\u201d","indexacao":"","observacao":"","resultado":"","texto_original":"http://sapl.altoaraguaia.mt.leg.br/media/sapl/public/materialegislativa/2021/719/doc_1-2.pdf","data_ultima_atualizacao":"2024-08-14T09:56:10.652837-03:00","ip":"170.80.62.84","ultima_edicao":"2024-08-14T09:56:10.501563-03:00","tipo":1,"regime_tramitacao":1,"tipo_origem_externa":null,"local_origem_externa":null,"user":2,"anexadas":[],"autores":[5,12,11]}