{"id":701,"__str__":"Indica\u00e7\u00e3o n\u00ba 282 de 2021","link_detail_backend":"/materia/701","metadata":{},"numero":282,"ano":2021,"numero_protocolo":null,"data_apresentacao":"2021-11-25","tipo_apresentacao":"","data_publicacao":null,"numero_origem_externa":"","ano_origem_externa":null,"data_origem_externa":null,"apelido":"","dias_prazo":null,"data_fim_prazo":null,"em_tramitacao":false,"polemica":false,"objeto":"","complementar":false,"ementa":"O Vereador que a presente subscreve, requer \u00e0 Mesa ouvido o Soberano\r\nPlen\u00e1rio, que o mesmo seja oficiado e devidamente encaminhado ao Exmo. Prefeito\r\nMunicipal, Sr. Gustavo de Melo Anic\u00e9zio com c\u00f3pia ao Secret\u00e1rio de Sa\u00fade \u2013 Sr.\r\nCleomar Vilela Rodrigues. \u201cSugerindo a aquisi\u00e7\u00e3o de dois assentos infantis \u2013\r\ncadeirinhas de seguran\u00e7a para crian\u00e7as de at\u00e9 7 (sete) anos, com o prop\u00f3sito de\r\ninstalar no \u00f4nibus que levam os pacientes at\u00e9 Rondon\u00f3polis\u201d.","indexacao":"","observacao":"","resultado":"","texto_original":"http://sapl.altoaraguaia.mt.leg.br/media/sapl/public/materialegislativa/2021/701/doc_1-25.pdf","data_ultima_atualizacao":"2024-08-14T09:39:07.802271-03:00","ip":"170.80.62.84","ultima_edicao":"2024-08-14T09:39:07.690660-03:00","tipo":1,"regime_tramitacao":1,"tipo_origem_externa":null,"local_origem_externa":null,"user":2,"anexadas":[],"autores":[6]}