{"id":624,"__str__":"Indica\u00e7\u00e3o n\u00ba 204 de 2021","link_detail_backend":"/materia/624","metadata":{},"numero":204,"ano":2021,"numero_protocolo":null,"data_apresentacao":"2021-09-09","tipo_apresentacao":"","data_publicacao":null,"numero_origem_externa":"","ano_origem_externa":null,"data_origem_externa":null,"apelido":"","dias_prazo":null,"data_fim_prazo":null,"em_tramitacao":false,"polemica":false,"objeto":"","complementar":false,"ementa":"O Vereador que o presente subscreve, requer \u00e0 Mesa Ouvido o Soberano\r\nPlen\u00e1rio, que a mesma seja aprovada e devidamente encaminhada ao Prefeito\r\nMunicipal, Sr. Gustavo de Melo Anic\u00e9zio com c\u00f3pia a Secret\u00e1rio Municipal de\r\nAgricultura, Pecu\u00e1ria e Abastecimento e Meio Ambiente, Jo\u00e3o Dias e ao Secret\u00e1rio\r\nMunicipal de Sa\u00fade Cleomar Vilela Rodrigues \u201csolicitando readequa\u00e7\u00e3o nas\r\nrecomenda\u00e7\u00f5es adotas para o controle da pandemia no ambiente da Feira\r\nMunicipal\u201d","indexacao":"","observacao":"","resultado":"","texto_original":"http://sapl.altoaraguaia.mt.leg.br/media/sapl/public/materialegislativa/2021/624/doc_4-5.pdf","data_ultima_atualizacao":"2024-08-13T15:21:01.540283-03:00","ip":"170.80.62.84","ultima_edicao":"2024-08-13T15:21:01.410315-03:00","tipo":1,"regime_tramitacao":1,"tipo_origem_externa":null,"local_origem_externa":null,"user":2,"anexadas":[],"autores":[5]}