{"id":517,"__str__":"Indica\u00e7\u00e3o n\u00ba 32 de 2022","link_detail_backend":"/materia/517","metadata":{},"numero":32,"ano":2022,"numero_protocolo":null,"data_apresentacao":"2022-02-15","tipo_apresentacao":"","data_publicacao":null,"numero_origem_externa":"","ano_origem_externa":null,"data_origem_externa":null,"apelido":"","dias_prazo":null,"data_fim_prazo":null,"em_tramitacao":false,"polemica":false,"objeto":"","complementar":false,"ementa":"Requeiro ap\u00f3s ouvido o Plen\u00e1rio na forma Regimental, que a Mesa encaminhe\r\nexpediente ao Exmo. Sr. Prefeito Municipal Gustavo Melo de Anic\u00e9zio e o Secret\u00e1ria de\r\nEduca\u00e7\u00e3o Sra. Eva Carmem de Carvalho, solicitando a inclus\u00e3o da L\u00edngua Espanhola no\r\nEnsino Fundamental da Rede Municipal.","indexacao":"","observacao":"","resultado":"","texto_original":"http://sapl.altoaraguaia.mt.leg.br/media/sapl/public/materialegislativa/2022/517/scanner_20240822_10-57.pdf","data_ultima_atualizacao":"2024-08-23T09:29:32.084233-03:00","ip":"170.80.62.84","ultima_edicao":"2024-08-23T09:29:31.985902-03:00","tipo":1,"regime_tramitacao":1,"tipo_origem_externa":null,"local_origem_externa":null,"user":2,"anexadas":[],"autores":[8]}