{"id":499,"__str__":"Indica\u00e7\u00e3o n\u00ba 23 de 2022","link_detail_backend":"/materia/499","metadata":{},"numero":23,"ano":2022,"numero_protocolo":null,"data_apresentacao":"2022-02-09","tipo_apresentacao":"","data_publicacao":null,"numero_origem_externa":"","ano_origem_externa":null,"data_origem_externa":null,"apelido":"","dias_prazo":null,"data_fim_prazo":null,"em_tramitacao":false,"polemica":false,"objeto":"","complementar":false,"ementa":"A Vereadora que a presente subscreve, nos termos do Regimento\r\nInterno desta Casa de Leis, requer que a presente indica\u00e7\u00e3o seja devidamente\r\nencaminhada ao Prefeito Municipal, Sr. Gustavo de Melo e a Secret\u00e1ria de Educa\u00e7\u00e3o,\r\nSra. Eva Carmem Vieira de Carvalho sugerindo que: \u201cSejam inseridos nos \u00f4nibus\r\nescolares do munic\u00edpio, informa\u00e7\u00f5es quanto ao trajeto a ser percorrido pelos\r\nmesmos, por meio de identifica\u00e7\u00e3o visual e escrita, a fim de orientar as crian\u00e7as\u201d.","indexacao":"","observacao":"","resultado":"","texto_original":"http://sapl.altoaraguaia.mt.leg.br/media/sapl/public/materialegislativa/2022/499/scanner_20240822_11-21.pdf","data_ultima_atualizacao":"2024-08-23T09:07:36.054093-03:00","ip":"170.80.62.84","ultima_edicao":"2024-08-23T09:07:35.901853-03:00","tipo":1,"regime_tramitacao":1,"tipo_origem_externa":null,"local_origem_externa":null,"user":2,"anexadas":[],"autores":[3]}