{"id":2954,"__str__":"Indica\u00e7\u00e3o n\u00ba 51 de 2026","link_detail_backend":"/materia/2954","metadata":{},"numero":51,"ano":2026,"numero_protocolo":146,"data_apresentacao":"2026-04-29","tipo_apresentacao":"","data_publicacao":null,"numero_origem_externa":"","ano_origem_externa":null,"data_origem_externa":null,"apelido":"","dias_prazo":null,"data_fim_prazo":null,"em_tramitacao":true,"polemica":false,"objeto":"","complementar":false,"ementa":"A ado\u00e7\u00e3o de provid\u00eancias visando \u00e0 readequa\u00e7\u00e3o do tr\u00e2nsito e ao refor\u00e7o da sinaliza\u00e7\u00e3o vi\u00e1ria no entorno do Centro de Reabilita\u00e7\u00e3o Caio Hugueney, localizado na Rua 24 de Fevereiro, esquina com a Avenida Carlos Hugueney, consistentes nas seguintes medidas:\r\na) implanta\u00e7\u00e3o e revitaliza\u00e7\u00e3o de faixa de pedestres em frente \u00e0 unidade;\r\nb) instala\u00e7\u00e3o de placas indicativas de acessibilidade e travessia priorit\u00e1ria;\r\nc) implanta\u00e7\u00e3o de sinaliza\u00e7\u00e3o espec\u00edfica de aten\u00e7\u00e3o a pessoas com defici\u00eancia, pessoas com Transtorno do Espectro Autista e pessoas com mobilidade reduzida;\r\nd) realiza\u00e7\u00e3o de estudo t\u00e9cnico de engenharia de tr\u00e1fego para avaliar a viabilidade de transforma\u00e7\u00e3o da via em sentido \u00fanico ou ado\u00e7\u00e3o de outras medidas moderadoras de velocidade e organiza\u00e7\u00e3o do fluxo de ve\u00edculos.","indexacao":"","observacao":"","resultado":"","texto_original":"http://sapl.altoaraguaia.mt.leg.br/media/sapl/public/materialegislativa/2026/2954/051_-_indicacao_-_marcos_nunes_-_centro_de_reabilitacao.docx","data_ultima_atualizacao":"2026-04-29T16:16:43.797711-03:00","ip":"170.80.62.220","ultima_edicao":"2026-04-29T16:13:17.530162-03:00","tipo":1,"regime_tramitacao":8,"tipo_origem_externa":null,"local_origem_externa":null,"user":2,"anexadas":[],"autores":[9]}