{"id":2858,"__str__":"Requerimento n\u00ba 12 de 2026","link_detail_backend":"/materia/2858","metadata":{"signs":{"texto_original":{}}},"numero":12,"ano":2026,"numero_protocolo":66,"data_apresentacao":"2026-03-11","tipo_apresentacao":"","data_publicacao":null,"numero_origem_externa":"","ano_origem_externa":null,"data_origem_externa":null,"apelido":"","dias_prazo":null,"data_fim_prazo":null,"em_tramitacao":false,"polemica":false,"objeto":"","complementar":false,"ementa":"Solicita informa\u00e7\u00f5es sobre a viabilidade de Adicional/Gratifica\u00e7\u00e3o por Especializa\u00e7\u00e3o em Educa\u00e7\u00e3o Especial e Inclusiva e a exist\u00eancia de programas de qualifica\u00e7\u00e3o profissional.","indexacao":"","observacao":"","resultado":"","texto_original":"http://sapl.altoaraguaia.mt.leg.br/media/sapl/public/materialegislativa/2026/2858/docx-8-11.pdf","data_ultima_atualizacao":"2026-04-09T14:41:39.943970-03:00","ip":"170.80.62.83","ultima_edicao":"2026-03-17T18:42:50.057506-03:00","tipo":2,"regime_tramitacao":8,"tipo_origem_externa":null,"local_origem_externa":null,"user":2,"anexadas":[],"autores":[43]}